{"id":1624,"date":"2014-04-28T04:51:22","date_gmt":"2014-04-28T02:51:22","guid":{"rendered":"http:\/\/www.olimpici.hu\/?p=1624"},"modified":"2014-04-28T05:03:24","modified_gmt":"2014-04-28T03:03:24","slug":"olimpici-gp4-%e2%80%93-buk-osszegzes-az-ideny-vegefele","status":"publish","type":"post","link":"https:\/\/www.olimpici.hu\/?p=1624","title":{"rendered":"Olimpici GP4. \u2013 B\u00fck | \u00f6sszegz\u00e9s + az id\u00e9ny v\u00e9gefel\u00e9"},"content":{"rendered":"<p>A B\u00fckf\u00fcrd\u0151 Kupa remek hangulatban, sportszer\u0171, fordulatos k\u00fczdelmekkel zajlott a h\u00e9tv\u00e9ge sor\u00e1n. A Szombathelyi V\u00edv\u00f3akad\u00e9mia Sportegyes\u00fclet nagyszer\u0171, rutinos \u00e9s \u00f6sszeszokott csapata profi m\u00f3don helyt \u00e1llt a verseny lebonyol\u00edt\u00e1s\u00e1ban, melyet ez\u00faton is k\u00f6sz\u00f6n\u00fcnk nekik!<br \/>\nA Grand Prix h\u00e1rom napja sor\u00e1n \u00f6sszesen 504 nevez\u00e9st regisztr\u00e1ltunk; p\u00e1r ezer tal\u00e1latot sikeresen bevittek a versenyz\u0151k. Rem\u00e9lj\u00fck el\u00e9gedettek akik sokat adtak \u00e9s keveset kaptak, \u00edgy az eredm\u00e9nyhirdet\u00e9sekn\u00e9l b\u00fcszk\u00e9n megjelenhettek; \u00e9s rem\u00e9lj\u00fck szorgalmasan dolgoznak, fejl\u0151dnek tov\u00e1bb, akiknek van m\u00e9g mit jav\u00edtaniuk tusar\u00e1nyukon.<\/p>\n<p>A verseny eredm\u00e9nyei, a GP sor\u00e1n k\u00e9sz\u00edtett fot\u00f3kb\u00f3l \u00e1ll\u00f3 albumaink m\u00e1r el\u00e9rhet\u0151k, a ranglist\u00e1kra n\u00e9h\u00e1ny nap m\u00falva \u00e9rdemes visszan\u00e9zni.<br \/>\nA h\u00e9tv\u00e9ge sor\u00e1n sikeres versenyb\u00edr\u00f3i vizsg\u00e1t tett tov\u00e1bbi 15 f\u0151: Budai Em\u0151ke, G\u00f6mb\u00f6cz \u00c1kos, Halla Gergely, Horv\u00e1th M\u00e1t\u00e9, Hosszu D\u00e1niel, Kerekes Valdem\u00e1r, Merk Ildik\u00f3, S\u00e1ntha M\u00e1t\u00e9, Szab\u00f3 D\u00f3ra, Szab\u00f3 Vikt\u00f3ria, T\u00f3th Korn\u00e9l, T\u00f3th Krist\u00f3f, Varga Benedek, Vigh Domonkos, Varga Vir\u00e1g. Gratul\u00e1lunk!<\/p>\n<p>&nbsp;<\/p>\n<p>Elk\u00f6vetkez\u0151 versenyeinkhez el\u00f6lj\u00e1r\u00f3ban annyit, hogy a Csaba Kup\u00e1n az edz\u0151k konzult\u00e1ci\u00f3n vehetnek r\u00e9szt.<\/p>\n<p>Egy fontos v\u00e1ltoz\u00e1s, hogy a GP5, \u00e9s az azt k\u00f6vet\u0151 valamennyi Olimpici GP-n a t\u00f6rpici koroszt\u00e1ly\u00fa versenyz\u0151k is kiz\u00e1r\u00f3lag \u00e9rv\u00e9nyes sportorvosi igazol\u00e1ssal nevezhetnek \u00e9s vehetnek r\u00e9szt. Ezzel egy <span style=\"text-decoration: underline;\"><strong><a title=\"itt olvashat\u00f3 r\u00e9szletesen\" href=\"http:\/\/www.complex.hu\/jr\/gen\/hjegy_doc.cgi?docid=A0400215.KOR\" target=\"_blank\"><span style=\"color: #0000ff;\">korm\u00e1nyrendeletben r\u00f6gz\u00edtett jogszab\u00e1ly<\/span><\/a><\/strong><\/span>nak tesz eleget mind a sportol\u00f3, mind a versenyek szervez\u0151je. Az eddigi elj\u00e1r\u00e1s: sz\u00fcl\u0151 \u00e9s edz\u0151 \u00e1ltal is al\u00e1\u00edrt, egyes\u00fclet \u00e1ltal hiteles\u00edtett felel\u0151ss\u00e9gv\u00e1llal\u00e1si nyilatkozat \u2013 minden f\u00e9l jav\u00e1ra \u2013 nem folytathat\u00f3. K\u00e9rj\u00fck, ne bomb\u00e1zzatok minket levelekkel, hogy mi\u00e9rt, \u00e9s mi\u00e9rt pont mostant\u00f3l, a jogszab\u00e1lyt az MVSZ javaslat\u00e1ra be kell tartsuk, \u00e9s be kell tartassuk.<\/p>\n<p>Szint\u00e9n nem \u00e9rdemes levelet \u00edrnotok azzal kapcsolatban, hogy az OB id\u0151pontj\u00e1t v\u00e1ltoztassuk meg, mert egyr\u00e9szt azt a versenynapt\u00e1rra val\u00f3 tekintettel hat\u00e1rozt\u00e1k meg a szezon elej\u00e9n, megv\u00e1ltoztat\u00e1sa nem az Olimpici KHA hat\u00e1sk\u00f6re, \u00e9s k\u00f6zeledve az id\u00e9ny v\u00e9g\u00e9hez, nincs is m\u00f3d r\u00e1. A rendez\u0151 egyes\u00fclet is m\u00e1r elkezdte a szervez\u00e9st. Azt tudjuk javasolni, mint el\u0151z\u0151 \u00e9vekben: akinek a verseny fontos, versenyezzen, akinek a ballag\u00e1s, az ballagjon.<br \/>\n\u00c1m nagyon rem\u00e9lj\u00fck, hogy a j\u00f6v\u0151ben gondosabb egyeztet\u00e9ssel hat\u00e1rozz\u00e1k meg az id\u0151pontot. Abban biztosak vagyunk, hogy mivel ez egy iskola\u00e9rz\u00e9keny id\u0151szak orsz\u00e1gosan elt\u00e9r\u0151 d\u00e1tumokkal, minden egyes versenyz\u0151nek \u00e9s csal\u00e1dj\u00e1nak megfelel\u0151 id\u0151pont csak egy messzi-messzi galaxisban l\u00e9tezik, vagy m\u00e9g ott sem.<\/p>\n<p>Olimpici Team<\/p>\n","protected":false},"excerpt":{"rendered":"<p>A B\u00fckf\u00fcrd\u0151 Kupa remek hangulatban, sportszer\u0171, fordulatos k\u00fczdelmekkel zajlott a h\u00e9tv\u00e9ge sor\u00e1n. A Szombathelyi V\u00edv\u00f3akad\u00e9mia Sportegyes\u00fclet nagyszer\u0171, rutinos \u00e9s \u00f6sszeszokott csapata profi m\u00f3don helyt \u00e1llt a verseny lebonyol\u00edt\u00e1s\u00e1ban, melyet ez\u00faton is k\u00f6sz\u00f6n\u00fcnk nekik! A Grand Prix h\u00e1rom napja sor\u00e1n \u00f6sszesen 504 nevez\u00e9st regisztr\u00e1ltunk; p\u00e1r ezer tal\u00e1latot sikeresen bevittek a versenyz\u0151k. Rem\u00e9lj\u00fck el\u00e9gedettek akik sokat adtak&hellip;&nbsp;<a href=\"https:\/\/www.olimpici.hu\/?p=1624\" class=\"\" rel=\"bookmark\">Read More &raquo;<span class=\"screen-reader-text\">Olimpici GP4. \u2013 B\u00fck | \u00f6sszegz\u00e9s + az id\u00e9ny v\u00e9gefel\u00e9<\/span><\/a><\/p>\n","protected":false},"author":2,"featured_media":0,"comment_status":"closed","ping_status":"closed","sticky":false,"template":"","format":"standard","meta":{"neve_meta_sidebar":"","neve_meta_container":"","neve_meta_enable_content_width":"","neve_meta_content_width":0,"neve_meta_title_alignment":"","neve_meta_author_avatar":"","neve_post_elements_order":"","neve_meta_disable_header":"","neve_meta_disable_footer":"","neve_meta_disable_title":"","footnotes":""},"categories":[32,5,4],"tags":[],"_links":{"self":[{"href":"https:\/\/www.olimpici.hu\/index.php?rest_route=\/wp\/v2\/posts\/1624"}],"collection":[{"href":"https:\/\/www.olimpici.hu\/index.php?rest_route=\/wp\/v2\/posts"}],"about":[{"href":"https:\/\/www.olimpici.hu\/index.php?rest_route=\/wp\/v2\/types\/post"}],"author":[{"embeddable":true,"href":"https:\/\/www.olimpici.hu\/index.php?rest_route=\/wp\/v2\/users\/2"}],"replies":[{"embeddable":true,"href":"https:\/\/www.olimpici.hu\/index.php?rest_route=%2Fwp%2Fv2%2Fcomments&post=1624"}],"version-history":[{"count":5,"href":"https:\/\/www.olimpici.hu\/index.php?rest_route=\/wp\/v2\/posts\/1624\/revisions"}],"predecessor-version":[{"id":1627,"href":"https:\/\/www.olimpici.hu\/index.php?rest_route=\/wp\/v2\/posts\/1624\/revisions\/1627"}],"wp:attachment":[{"href":"https:\/\/www.olimpici.hu\/index.php?rest_route=%2Fwp%2Fv2%2Fmedia&parent=1624"}],"wp:term":[{"taxonomy":"category","embeddable":true,"href":"https:\/\/www.olimpici.hu\/index.php?rest_route=%2Fwp%2Fv2%2Fcategories&post=1624"},{"taxonomy":"post_tag","embeddable":true,"href":"https:\/\/www.olimpici.hu\/index.php?rest_route=%2Fwp%2Fv2%2Ftags&post=1624"}],"curies":[{"name":"wp","href":"https:\/\/api.w.org\/{rel}","templated":true}]}}