{"id":5743,"date":"2020-12-02T20:15:41","date_gmt":"2020-12-02T18:15:41","guid":{"rendered":"https:\/\/www.olimpici.hu\/?p=5743"},"modified":"2020-12-02T20:15:41","modified_gmt":"2020-12-02T18:15:41","slug":"olimpici-gp2-szolnok-december-11-13","status":"publish","type":"post","link":"https:\/\/www.olimpici.hu\/?p=5743","title":{"rendered":"Olimpici GP2. Szolnok december 11-13."},"content":{"rendered":"\n<p class=\"has-text-align-center\"> <strong>A Magyar V\u00edv\u00f3 Sz\u00f6vets\u00e9g eln\u00f6ks\u00e9g\u00e9nek hat\u00e1lyos d\u00f6nt\u00e9se alapj\u00e1n megrendez\u00e9sre ker\u00fclhet az Olimpici versenysorozat szolnoki fordul\u00f3ja. A j\u00e1rv\u00e1nyhelyzet kapcs\u00e1n \u00e9rv\u00e9nyes szab\u00e1lyok betart\u00e1s\u00e1n t\u00fal, nem rendezhet\u0151 meg a T\u00f6rpici versenysz\u00e1m, tov\u00e1bb\u00e1 felversenyz\u00e9s sem lehets\u00e9ges, minden versenyz\u0151 csak a saj\u00e1t korcsoportj\u00e1ban indulhat \u00e9s nemzetk\u00f6zi versenyz\u0151k sem \u00e9rkezhetnek!<\/strong><\/p>\n\n\n\n<p class=\"has-text-align-center\">A verseny id\u0151pontj\u00e1ig a jogszab\u00e1lyi k\u00f6rnyezet v\u00e1ltozhat ez\u00e9rt k\u00e9rj\u00fck fokozottan figyeljetek az esetleges v\u00e1ltoz\u00e1sokra!<\/p>\n\n\n\n<p class=\"has-text-align-center\">A verseny ki\u00edr\u00e1sa megtal\u00e1lhat\u00f3 a <a href=\"https:\/\/www.olimpici.hu\/?page_id=4&amp;preview=true\">ki\u00edr\u00e1sok k\u00f6z\u00f6tt<\/a> <\/p>\n","protected":false},"excerpt":{"rendered":"<p>A Magyar V\u00edv\u00f3 Sz\u00f6vets\u00e9g eln\u00f6ks\u00e9g\u00e9nek hat\u00e1lyos d\u00f6nt\u00e9se alapj\u00e1n megrendez\u00e9sre ker\u00fclhet az Olimpici versenysorozat szolnoki fordul\u00f3ja. A j\u00e1rv\u00e1nyhelyzet kapcs\u00e1n \u00e9rv\u00e9nyes szab\u00e1lyok betart\u00e1s\u00e1n t\u00fal, nem rendezhet\u0151 meg a T\u00f6rpici versenysz\u00e1m, tov\u00e1bb\u00e1 felversenyz\u00e9s sem lehets\u00e9ges, minden versenyz\u0151 csak a saj\u00e1t korcsoportj\u00e1ban indulhat \u00e9s nemzetk\u00f6zi versenyz\u0151k sem \u00e9rkezhetnek! A verseny id\u0151pontj\u00e1ig a jogszab\u00e1lyi k\u00f6rnyezet v\u00e1ltozhat ez\u00e9rt k\u00e9rj\u00fck fokozottan figyeljetek&hellip;&nbsp;<a href=\"https:\/\/www.olimpici.hu\/?p=5743\" class=\"\" rel=\"bookmark\">Read More &raquo;<span class=\"screen-reader-text\">Olimpici GP2. Szolnok december 11-13.<\/span><\/a><\/p>\n","protected":false},"author":5,"featured_media":0,"comment_status":"closed","ping_status":"closed","sticky":false,"template":"","format":"standard","meta":{"neve_meta_sidebar":"","neve_meta_container":"","neve_meta_enable_content_width":"","neve_meta_content_width":0,"neve_meta_title_alignment":"","neve_meta_author_avatar":"","neve_post_elements_order":"","neve_meta_disable_header":"","neve_meta_disable_footer":"","neve_meta_disable_title":"","footnotes":""},"categories":[1],"tags":[],"_links":{"self":[{"href":"https:\/\/www.olimpici.hu\/index.php?rest_route=\/wp\/v2\/posts\/5743"}],"collection":[{"href":"https:\/\/www.olimpici.hu\/index.php?rest_route=\/wp\/v2\/posts"}],"about":[{"href":"https:\/\/www.olimpici.hu\/index.php?rest_route=\/wp\/v2\/types\/post"}],"author":[{"embeddable":true,"href":"https:\/\/www.olimpici.hu\/index.php?rest_route=\/wp\/v2\/users\/5"}],"replies":[{"embeddable":true,"href":"https:\/\/www.olimpici.hu\/index.php?rest_route=%2Fwp%2Fv2%2Fcomments&post=5743"}],"version-history":[{"count":1,"href":"https:\/\/www.olimpici.hu\/index.php?rest_route=\/wp\/v2\/posts\/5743\/revisions"}],"predecessor-version":[{"id":5744,"href":"https:\/\/www.olimpici.hu\/index.php?rest_route=\/wp\/v2\/posts\/5743\/revisions\/5744"}],"wp:attachment":[{"href":"https:\/\/www.olimpici.hu\/index.php?rest_route=%2Fwp%2Fv2%2Fmedia&parent=5743"}],"wp:term":[{"taxonomy":"category","embeddable":true,"href":"https:\/\/www.olimpici.hu\/index.php?rest_route=%2Fwp%2Fv2%2Fcategories&post=5743"},{"taxonomy":"post_tag","embeddable":true,"href":"https:\/\/www.olimpici.hu\/index.php?rest_route=%2Fwp%2Fv2%2Ftags&post=5743"}],"curies":[{"name":"wp","href":"https:\/\/api.w.org\/{rel}","templated":true}]}}