{"id":5826,"date":"2021-02-21T16:55:07","date_gmt":"2021-02-21T14:55:07","guid":{"rendered":"https:\/\/www.olimpici.hu\/?p=5826"},"modified":"2021-02-22T20:38:20","modified_gmt":"2021-02-22T18:38:20","slug":"veget-ert-az-olimpici-grand-prix-3-iii-napja","status":"publish","type":"post","link":"https:\/\/www.olimpici.hu\/?p=5826","title":{"rendered":"V\u00e9get \u00e9rt az Olimpici Grand Prix 3. Szolnok kupa!"},"content":{"rendered":"\n<p>V\u00e9get \u00e9rt az Olimpici Grand Prix 3. Szolnok kupa! A v\u00e9geredm\u00e9nyek megtekinthet\u0151ek online az al\u00e1bbi linkeken! A k\u00e9pek is megtal\u00e1lhat\u00f3ak online a facebook oldalunkon: <a href=\"https:\/\/www.facebook.com\/OlimpiciEpeeGrandPrix\/posts\/10151383863859946\">P\u00e9ntek<\/a> ,<a href=\"https:\/\/www.facebook.com\/OlimpiciEpeeGrandPrix\/posts\/10151384127474946\">Szombat<\/a>  ,<a href=\"https:\/\/www.facebook.com\/OlimpiciEpeeGrandPrix\/posts\/10151384443954946\">Vas\u00e1rnap<\/a><\/p>\n\n\n\n<p class=\"has-text-align-center\"><strong>F\u00e9rfi<\/strong><br><a href=\"https:\/\/versenyinfo.hunfencing.hu\/pdf\/2021\/5764.pdf\">\u2022 Serd\u00fcl\u0151 F\u00e9rfi \u2022<\/a><\/p>\n\n\n\n<p class=\"has-text-align-center\"><a href=\"https:\/\/versenyinfo.hunfencing.hu\/pdf\/2021\/5762.pdf\">\u2022 \u00dajonc F\u00e9rfi \u2022<\/a><\/p>\n\n\n\n<p class=\"has-text-align-center\"><a href=\"https:\/\/versenyinfo.hunfencing.hu\/pdf\/2021\/5760.pdf\">\u2022 Gyermek F\u00e9rfi \u2022<\/a><\/p>\n\n\n\n<p class=\"has-text-align-center\"><strong>N\u0151i<\/strong><\/p>\n\n\n\n<p class=\"has-text-align-center\"><a href=\"https:\/\/versenyinfo.hunfencing.hu\/pdf\/2021\/5765.pdf\">\u2022 Serd\u00fcl\u0151 N\u0151i \u2022<\/a><\/p>\n\n\n\n<p class=\"has-text-align-center\"><a href=\"https:\/\/versenyinfo.hunfencing.hu\/pdf\/2021\/5763.pdf\">\u2022 \u00dajonc N\u0151i \u2022<\/a><\/p>\n\n\n\n<p class=\"has-text-align-center\"><a href=\"https:\/\/versenyinfo.hunfencing.hu\/pdf\/2021\/5761.pdf\">\u2022 Gyermek N\u0151i \u2022<\/a><\/p>\n\n\n\n<p><\/p>\n","protected":false},"excerpt":{"rendered":"<p>V\u00e9get \u00e9rt az Olimpici Grand Prix 3. Szolnok kupa! A v\u00e9geredm\u00e9nyek megtekinthet\u0151ek online az al\u00e1bbi linkeken! A k\u00e9pek is megtal\u00e1lhat\u00f3ak online a facebook oldalunkon: P\u00e9ntek ,Szombat ,Vas\u00e1rnap F\u00e9rfi\u2022 Serd\u00fcl\u0151 F\u00e9rfi \u2022 \u2022 \u00dajonc F\u00e9rfi \u2022 \u2022 Gyermek F\u00e9rfi \u2022 N\u0151i \u2022 Serd\u00fcl\u0151 N\u0151i \u2022 \u2022 \u00dajonc N\u0151i \u2022 \u2022 Gyermek N\u0151i \u2022<\/p>\n","protected":false},"author":5,"featured_media":0,"comment_status":"closed","ping_status":"closed","sticky":false,"template":"","format":"standard","meta":{"neve_meta_sidebar":"","neve_meta_container":"","neve_meta_enable_content_width":"","neve_meta_content_width":0,"neve_meta_title_alignment":"","neve_meta_author_avatar":"","neve_post_elements_order":"","neve_meta_disable_header":"","neve_meta_disable_footer":"","neve_meta_disable_title":"","footnotes":""},"categories":[1],"tags":[],"_links":{"self":[{"href":"https:\/\/www.olimpici.hu\/index.php?rest_route=\/wp\/v2\/posts\/5826"}],"collection":[{"href":"https:\/\/www.olimpici.hu\/index.php?rest_route=\/wp\/v2\/posts"}],"about":[{"href":"https:\/\/www.olimpici.hu\/index.php?rest_route=\/wp\/v2\/types\/post"}],"author":[{"embeddable":true,"href":"https:\/\/www.olimpici.hu\/index.php?rest_route=\/wp\/v2\/users\/5"}],"replies":[{"embeddable":true,"href":"https:\/\/www.olimpici.hu\/index.php?rest_route=%2Fwp%2Fv2%2Fcomments&post=5826"}],"version-history":[{"count":4,"href":"https:\/\/www.olimpici.hu\/index.php?rest_route=\/wp\/v2\/posts\/5826\/revisions"}],"predecessor-version":[{"id":5846,"href":"https:\/\/www.olimpici.hu\/index.php?rest_route=\/wp\/v2\/posts\/5826\/revisions\/5846"}],"wp:attachment":[{"href":"https:\/\/www.olimpici.hu\/index.php?rest_route=%2Fwp%2Fv2%2Fmedia&parent=5826"}],"wp:term":[{"taxonomy":"category","embeddable":true,"href":"https:\/\/www.olimpici.hu\/index.php?rest_route=%2Fwp%2Fv2%2Fcategories&post=5826"},{"taxonomy":"post_tag","embeddable":true,"href":"https:\/\/www.olimpici.hu\/index.php?rest_route=%2Fwp%2Fv2%2Ftags&post=5826"}],"curies":[{"name":"wp","href":"https:\/\/api.w.org\/{rel}","templated":true}]}}