{"id":6216,"date":"2021-12-10T22:38:53","date_gmt":"2021-12-10T20:38:53","guid":{"rendered":"https:\/\/www.olimpici.hu\/?p=6216"},"modified":"2021-12-11T19:43:33","modified_gmt":"2021-12-11T17:43:33","slug":"megkezdodik-az-olimpici-gp-2-szolnok-masodik-napja","status":"publish","type":"post","link":"https:\/\/www.olimpici.hu\/?p=6216","title":{"rendered":"Megkezd\u0151dik az OLIMPICI GP 2. Szolnok m\u00e1sodik napja"},"content":{"rendered":"\n<p class=\"has-text-align-center\">Megkezd\u0151d\u00f6tt az Olimpici GP 2. Szolnokon. Az eredm\u00e9nyek online k\u00f6vethet\u0151ek&nbsp;<a href=\"https:\/\/engarde-service.com\/siteTemplate.php?lang=en&amp;Organisme=hunfencing&amp;Event=2021_12_10_12_ogp2&amp;page=competitions.php\">itt<\/a>.<\/p>\n\n\n\n<p class=\"has-text-align-center\">Gyermek fi\u00fa \u00e9s l\u00e1ny \u00e9l\u0151 k\u00f6zvet\u00edt\u00e9s&nbsp;<a href=\"https:\/\/youtu.be\/zdIp1Ic6wsg\">1-es terem<\/a>&nbsp;<a href=\"https:\/\/www.youtube.com\/watch?v=0TLMXMC9eI0\">2-es terem<\/a>&nbsp;!<\/p>\n\n\n\n<p class=\"has-text-align-center\"><a href=\"https:\/\/www.olimpici.hu\/?page_id=5824\">Eredm\u00e9nyek<\/a><\/p>\n","protected":false},"excerpt":{"rendered":"<p>Megkezd\u0151d\u00f6tt az Olimpici GP 2. Szolnokon. Az eredm\u00e9nyek online k\u00f6vethet\u0151ek&nbsp;itt. Gyermek fi\u00fa \u00e9s l\u00e1ny \u00e9l\u0151 k\u00f6zvet\u00edt\u00e9s&nbsp;1-es terem&nbsp;2-es terem&nbsp;! Eredm\u00e9nyek<\/p>\n","protected":false},"author":5,"featured_media":0,"comment_status":"closed","ping_status":"closed","sticky":false,"template":"","format":"standard","meta":{"neve_meta_sidebar":"","neve_meta_container":"","neve_meta_enable_content_width":"","neve_meta_content_width":0,"neve_meta_title_alignment":"","neve_meta_author_avatar":"","neve_post_elements_order":"","neve_meta_disable_header":"","neve_meta_disable_footer":"","neve_meta_disable_title":"","footnotes":""},"categories":[1],"tags":[],"_links":{"self":[{"href":"https:\/\/www.olimpici.hu\/index.php?rest_route=\/wp\/v2\/posts\/6216"}],"collection":[{"href":"https:\/\/www.olimpici.hu\/index.php?rest_route=\/wp\/v2\/posts"}],"about":[{"href":"https:\/\/www.olimpici.hu\/index.php?rest_route=\/wp\/v2\/types\/post"}],"author":[{"embeddable":true,"href":"https:\/\/www.olimpici.hu\/index.php?rest_route=\/wp\/v2\/users\/5"}],"replies":[{"embeddable":true,"href":"https:\/\/www.olimpici.hu\/index.php?rest_route=%2Fwp%2Fv2%2Fcomments&post=6216"}],"version-history":[{"count":6,"href":"https:\/\/www.olimpici.hu\/index.php?rest_route=\/wp\/v2\/posts\/6216\/revisions"}],"predecessor-version":[{"id":6239,"href":"https:\/\/www.olimpici.hu\/index.php?rest_route=\/wp\/v2\/posts\/6216\/revisions\/6239"}],"wp:attachment":[{"href":"https:\/\/www.olimpici.hu\/index.php?rest_route=%2Fwp%2Fv2%2Fmedia&parent=6216"}],"wp:term":[{"taxonomy":"category","embeddable":true,"href":"https:\/\/www.olimpici.hu\/index.php?rest_route=%2Fwp%2Fv2%2Fcategories&post=6216"},{"taxonomy":"post_tag","embeddable":true,"href":"https:\/\/www.olimpici.hu\/index.php?rest_route=%2Fwp%2Fv2%2Ftags&post=6216"}],"curies":[{"name":"wp","href":"https:\/\/api.w.org\/{rel}","templated":true}]}}