{"id":6245,"date":"2021-12-17T09:27:00","date_gmt":"2021-12-17T07:27:00","guid":{"rendered":"https:\/\/www.olimpici.hu\/?p=6245"},"modified":"2021-12-21T09:31:03","modified_gmt":"2021-12-21T07:31:03","slug":"sport-xxi-edzotabor-9","status":"publish","type":"post","link":"https:\/\/www.olimpici.hu\/?p=6245","title":{"rendered":"SPORT XXI. EDZ\u0150T\u00c1BOR"},"content":{"rendered":"\n<p>2022. janu\u00e1r 08-09-\u00e9n a <strong>GA Sportcsarnokban<\/strong> rendezz\u00fck az \u00e9vad els\u0151 p\u00e1rbajt\u0151r edz\u0151t\u00e1bor\u00e1t.<\/p>\n\n\n\n<p>Megh\u00edvottak a k\u00e9t Olimpici verseny alapj\u00e1n kialakult ranglista els\u0151 \u00f6t vid\u00e9ki versenyz\u0151je.<\/p>\n\n\n\n<p>Tal\u00e1lkoz\u00e1s: janu\u00e1r 8-\u00e1n <strong>szombaton<\/strong> 9-\u00f3r\u00e1t\u00f3l a GA Sportcsarnokban<\/p>\n\n\n\n<p>Az edz\u00e9sek id\u0151pontja:<\/p>\n\n\n\n<p>Szombat:&nbsp;&nbsp;&nbsp;&nbsp;&nbsp;&nbsp;&nbsp;&nbsp; &nbsp;&nbsp; &nbsp;&nbsp;&nbsp;&nbsp;&nbsp;&nbsp;&nbsp;&nbsp; de&nbsp; 10-12 \u00f3r\u00e1ig<\/p>\n\n\n\n<p>&nbsp;&nbsp;&nbsp;&nbsp;&nbsp;&nbsp;&nbsp;&nbsp;&nbsp;&nbsp;&nbsp;&nbsp;&nbsp;&nbsp;&nbsp;&nbsp;&nbsp;&nbsp;&nbsp;&nbsp;&nbsp;&nbsp;&nbsp; &nbsp;&nbsp;&nbsp;&nbsp;&nbsp;&nbsp;&nbsp;&nbsp;&nbsp;&nbsp;&nbsp; du &nbsp;16-18 \u00f3r\u00e1ig&nbsp;&nbsp;&nbsp;&nbsp;&nbsp;&nbsp;&nbsp;&nbsp;&nbsp;&nbsp;&nbsp;<\/p>\n\n\n\n<p>Vas\u00e1rnap: &nbsp;&nbsp;&nbsp;&nbsp;&nbsp;&nbsp; &nbsp;&nbsp;&nbsp;&nbsp;&nbsp;&nbsp;&nbsp;&nbsp;&nbsp;&nbsp;&nbsp; de &nbsp;&nbsp;&nbsp;9-11 \u00f3r\u00e1ig<\/p>\n\n\n\n<p>&nbsp;&nbsp;&nbsp;&nbsp;&nbsp;&nbsp;&nbsp;&nbsp;&nbsp;&nbsp;&nbsp;&nbsp;&nbsp;&nbsp;&nbsp;&nbsp;&nbsp;&nbsp;&nbsp;&nbsp;&nbsp;&nbsp;&nbsp;&nbsp;&nbsp;&nbsp;&nbsp;&nbsp;&nbsp;&nbsp;&nbsp;&nbsp;&nbsp;&nbsp;&nbsp; du&nbsp; 14-16 \u00f3r\u00e1ig<\/p>\n\n\n\n<p>T\u00e1voz\u00e1s: vas\u00e1rnap 16.15-t\u0151l<\/p>\n\n\n\n<p>A megh\u00edvott versenyz\u0151k sz\u00e1ll\u00e1s\u00e1t \u00e9s \u00e9tkez\u00e9s\u00e9t az MVSZ biztos\u00edtja. Az edz\u0151t\u00e1bor ny\u00edlt, a megh\u00edvottakon k\u00edv\u00fcl az edz\u00e9sek szabadon l\u00e1togathat\u00f3ak, de regisztr\u00e1ci\u00f3hoz k\u00f6t\u00f6ttek.<\/p>\n\n\n\n<p>A r\u00e9szv\u00e9tel felt\u00e9tele a hi\u00e1nytalan versenyfelszerel\u00e9s, \u00e9s az edz\u00e9sek k\u00f6z\u00f6tt a v\u00e9d\u0151maszk haszn\u00e1lata k\u00f6telez\u0151.<\/p>\n\n\n\n<p>Jelentkez\u00e9s \u00e9s regisztr\u00e1ci\u00f3 2022.janu\u00e1r 04-ig a <a href=\"mailto:dieraf@t-online.hu\">dieraf@t-online.hu<\/a> \u00a0e-mail c\u00edmen.<\/p>\n\n\n\n<p>Budapest, 2021. december 16.&nbsp;&nbsp;&nbsp;&nbsp;&nbsp;&nbsp;&nbsp;&nbsp;&nbsp;&nbsp;&nbsp;&nbsp;&nbsp;&nbsp;&nbsp;&nbsp;&nbsp;&nbsp;&nbsp;&nbsp;&nbsp;&nbsp;&nbsp;&nbsp;&nbsp;&nbsp;&nbsp;&nbsp;&nbsp;&nbsp;&nbsp;&nbsp;&nbsp;&nbsp;&nbsp;&nbsp;&nbsp;&nbsp;&nbsp;&nbsp;&nbsp;&nbsp;&nbsp;&nbsp;&nbsp;&nbsp;&nbsp;<\/p>\n\n\n\n<p>Sportt\u00e1rsi \u00fcdv\u00f6zlettel:<\/p>\n\n\n\n<p>\u00a0\u00a0\u00a0\u00a0\u00a0\u00a0\u00a0\u00a0\u00a0\u00a0\u00a0\u00a0\u00a0\u00a0\u00a0\u00a0\u00a0\u00a0\u00a0\u00a0\u00a0\u00a0\u00a0\u00a0\u00a0\u00a0\u00a0\u00a0\u00a0\u00a0\u00a0\u00a0\u00a0\u00a0\u00a0\u00a0\u00a0\u00a0\u00a0\u00a0\u00a0\u00a0\u00a0\u00a0\u00a0\u00a0\u00a0\u00a0\u00a0\u00a0\u00a0\u00a0\u00a0\u00a0\u00a0\u00a0\u00a0\u00a0\u00a0\u00a0\u00a0\u00a0\u00a0\u00a0\u00a0\u00a0\u00a0\u00a0\u00a0\u00a0\u00a0 \u00a0\u00a0\u00a0\u00a0\u00a0\u00a0\u00a0\u00a0\u00a0\u00a0\u00a0 Diera Ferenc\u00a0<\/p>\n\n\n\n<p style=\"font-size:17px\"><strong>2022.01.08-09. Sport XXI. edz\u0151t\u00e1bor megh\u00edvott r\u00e9sztvev\u0151i:<br><\/strong><\/p>\n\n\n\n<p class=\"has-text-align-center\" style=\"font-size:17px\"><strong>Gyermek le\u00e1ny:<\/strong><\/p>\n\n\n\n<p class=\"has-text-align-center\" style=\"font-size:17px\">1. Varga Judit PEAC<\/p>\n\n\n\n<p class=\"has-text-align-center\" style=\"font-size:17px\">2. Szab\u00f3 Lilla Avengarde VSE<\/p>\n\n\n\n<p class=\"has-text-align-center\" style=\"font-size:17px\">3. Juh\u00e1sz Hanna R\u00e9ka AVA<\/p>\n\n\n\n<p class=\"has-text-align-center\" style=\"font-size:17px\">4. Somogyi Al\u00edz AVA<\/p>\n\n\n\n<p class=\"has-text-align-center\" style=\"font-size:17px\">5. Farag\u00f3 Tamara PEAC<\/p>\n\n\n\n<p class=\"has-text-align-center\" style=\"font-size:17px\">T. Hegyi Dorka Tapolca<\/p>\n\n\n\n<p class=\"has-text-align-center\" style=\"font-size:17px\"><strong>Gyermek fi\u00fa:<\/strong><\/p>\n\n\n\n<p class=\"has-text-align-center\" style=\"font-size:17px\">1. Petrovszki \u00c1ron AVA<\/p>\n\n\n\n<p class=\"has-text-align-center\" style=\"font-size:17px\">2. Kuznyecov J\u00e1roszl\u00e1v \u00d6rs Balaton<\/p>\n\n\n\n<p class=\"has-text-align-center\" style=\"font-size:17px\">3. Borb\u00e9ly M\u00e1t\u00e9 Balaton<\/p>\n\n\n\n<p class=\"has-text-align-center\" style=\"font-size:17px\">4. Fekete-Fenyvesi Oliv\u00e9r SZVSE<\/p>\n\n\n\n<p class=\"has-text-align-center\" style=\"font-size:17px\">5. Nogula M\u00f3r Danubius<\/p>\n\n\n\n<p class=\"has-text-align-center\" style=\"font-size:17px\">T. D\u00e9k\u00e1ny Patrik Szolnok<\/p>\n\n\n\n<p class=\"has-text-align-center\" style=\"font-size:17px\"><strong>\u00dajonc le\u00e1ny:<\/strong><\/p>\n\n\n\n<p class=\"has-text-align-center\" style=\"font-size:17px\">1. Fodor Bianka PEAC<\/p>\n\n\n\n<p class=\"has-text-align-center\" style=\"font-size:17px\">2. Egri Fanni Lilla Avengarde VSE<\/p>\n\n\n\n<p class=\"has-text-align-center\" style=\"font-size:17px\">3. Lengyel Luca Szolnok<\/p>\n\n\n\n<p class=\"has-text-align-center\" style=\"font-size:17px\">4. Konczek Lina Tapolca<\/p>\n\n\n\n<p class=\"has-text-align-center\" style=\"font-size:17px\">5. Lippai Di\u00e1na PEAC<\/p>\n\n\n\n<p class=\"has-text-align-center\" style=\"font-size:17px\">T. Terhes Hanna DVE<\/p>\n\n\n\n<p class=\"has-text-align-center\" style=\"font-size:17px\"><strong>\u00dajonc fi\u00fa:<\/strong><\/p>\n\n\n\n<p class=\"has-text-align-center\" style=\"font-size:17px\">1. Bagoly Benedek PEAC<\/p>\n\n\n\n<p class=\"has-text-align-center\" style=\"font-size:17px\">2. De\u00e1k Andr\u00e1s Szent L\u00e1szl\u00f3<\/p>\n\n\n\n<p class=\"has-text-align-center\" style=\"font-size:17px\">3. Pataky Roland DVE<\/p>\n\n\n\n<p class=\"has-text-align-center\" style=\"font-size:17px\">4. Szentp\u00e1li D\u00e1niel PEAC<\/p>\n\n\n\n<p class=\"has-text-align-center\" style=\"font-size:17px\">5. Salamon B\u00e1lint H.SZ.GY.<\/p>\n\n\n\n<p class=\"has-text-align-center\" style=\"font-size:17px\">T. Oszter-Barcsay Dominik B\u00e9kessy<\/p>\n\n\n\n<p class=\"has-text-align-center\" style=\"font-size:17px\"><strong>Serd\u00fcl\u0151 l\u00e1ny:<\/strong><\/p>\n\n\n\n<p class=\"has-text-align-center\" style=\"font-size:17px\">1. Kozma Laura DVE<\/p>\n\n\n\n<p class=\"has-text-align-center\" style=\"font-size:17px\">2. Moln\u00e1r Eszter OMS-Tata<\/p>\n\n\n\n<p class=\"has-text-align-center\" style=\"font-size:17px\">3. Varga Fl\u00f3ra SzVSE<\/p>\n\n\n\n<p class=\"has-text-align-center\" style=\"font-size:17px\">4. Barcsik Csenge Szolnok<\/p>\n\n\n\n<p class=\"has-text-align-center\" style=\"font-size:17px\">5. Cser\u00e9p Dorina Tapolca<\/p>\n\n\n\n<p class=\"has-text-align-center\" style=\"font-size:17px\">T. Hegyesi Tamara DVE<\/p>\n\n\n\n<p class=\"has-text-align-center\" style=\"font-size:17px\"><strong>Serd\u00fcl\u0151 fi\u00fa:<\/strong><\/p>\n\n\n\n<p class=\"has-text-align-center\" style=\"font-size:17px\">1. Lippai M\u00e1t\u00e9 PEAC<\/p>\n\n\n\n<p class=\"has-text-align-center\" style=\"font-size:17px\">2. Feh\u00e9r Zsombor Veres<\/p>\n\n\n\n<p class=\"has-text-align-center\" style=\"font-size:17px\">3. Kukla Bal\u00e1zs Danubius<\/p>\n\n\n\n<p class=\"has-text-align-center\" style=\"font-size:17px\">4. S\u00fcketes Mikl\u00f3s Tapolca<\/p>\n\n\n\n<p class=\"has-text-align-center\" style=\"font-size:17px\">5. Makkos Bence Tapolca<\/p>\n\n\n\n<p class=\"has-text-align-center\" style=\"font-size:17px\">T. S\u00e1pi \u00c1ron Interfencing<\/p>\n","protected":false},"excerpt":{"rendered":"<p>2022. janu\u00e1r 08-09-\u00e9n a GA Sportcsarnokban rendezz\u00fck az \u00e9vad els\u0151 p\u00e1rbajt\u0151r edz\u0151t\u00e1bor\u00e1t. Megh\u00edvottak a k\u00e9t Olimpici verseny alapj\u00e1n kialakult ranglista els\u0151 \u00f6t vid\u00e9ki versenyz\u0151je. Tal\u00e1lkoz\u00e1s: janu\u00e1r 8-\u00e1n szombaton 9-\u00f3r\u00e1t\u00f3l a GA Sportcsarnokban Az edz\u00e9sek id\u0151pontja: Szombat:&nbsp;&nbsp;&nbsp;&nbsp;&nbsp;&nbsp;&nbsp;&nbsp; &nbsp;&nbsp; &nbsp;&nbsp;&nbsp;&nbsp;&nbsp;&nbsp;&nbsp;&nbsp; de&nbsp; 10-12 \u00f3r\u00e1ig &nbsp;&nbsp;&nbsp;&nbsp;&nbsp;&nbsp;&nbsp;&nbsp;&nbsp;&nbsp;&nbsp;&nbsp;&nbsp;&nbsp;&nbsp;&nbsp;&nbsp;&nbsp;&nbsp;&nbsp;&nbsp;&nbsp;&nbsp; &nbsp;&nbsp;&nbsp;&nbsp;&nbsp;&nbsp;&nbsp;&nbsp;&nbsp;&nbsp;&nbsp; du &nbsp;16-18 \u00f3r\u00e1ig&nbsp;&nbsp;&nbsp;&nbsp;&nbsp;&nbsp;&nbsp;&nbsp;&nbsp;&nbsp;&nbsp; Vas\u00e1rnap: &nbsp;&nbsp;&nbsp;&nbsp;&nbsp;&nbsp; &nbsp;&nbsp;&nbsp;&nbsp;&nbsp;&nbsp;&nbsp;&nbsp;&nbsp;&nbsp;&nbsp; de &nbsp;&nbsp;&nbsp;9-11 \u00f3r\u00e1ig &nbsp;&nbsp;&nbsp;&nbsp;&nbsp;&nbsp;&nbsp;&nbsp;&nbsp;&nbsp;&nbsp;&nbsp;&nbsp;&nbsp;&nbsp;&nbsp;&nbsp;&nbsp;&nbsp;&nbsp;&nbsp;&nbsp;&nbsp;&nbsp;&nbsp;&nbsp;&nbsp;&nbsp;&nbsp;&nbsp;&nbsp;&nbsp;&nbsp;&nbsp;&nbsp; du&nbsp; 14-16&hellip;&nbsp;<a href=\"https:\/\/www.olimpici.hu\/?p=6245\" class=\"\" rel=\"bookmark\">Read More &raquo;<span class=\"screen-reader-text\">SPORT XXI. EDZ\u0150T\u00c1BOR<\/span><\/a><\/p>\n","protected":false},"author":5,"featured_media":0,"comment_status":"closed","ping_status":"closed","sticky":false,"template":"","format":"standard","meta":{"neve_meta_sidebar":"","neve_meta_container":"","neve_meta_enable_content_width":"","neve_meta_content_width":0,"neve_meta_title_alignment":"","neve_meta_author_avatar":"","neve_post_elements_order":"","neve_meta_disable_header":"","neve_meta_disable_footer":"","neve_meta_disable_title":"","footnotes":""},"categories":[32],"tags":[],"_links":{"self":[{"href":"https:\/\/www.olimpici.hu\/index.php?rest_route=\/wp\/v2\/posts\/6245"}],"collection":[{"href":"https:\/\/www.olimpici.hu\/index.php?rest_route=\/wp\/v2\/posts"}],"about":[{"href":"https:\/\/www.olimpici.hu\/index.php?rest_route=\/wp\/v2\/types\/post"}],"author":[{"embeddable":true,"href":"https:\/\/www.olimpici.hu\/index.php?rest_route=\/wp\/v2\/users\/5"}],"replies":[{"embeddable":true,"href":"https:\/\/www.olimpici.hu\/index.php?rest_route=%2Fwp%2Fv2%2Fcomments&post=6245"}],"version-history":[{"count":1,"href":"https:\/\/www.olimpici.hu\/index.php?rest_route=\/wp\/v2\/posts\/6245\/revisions"}],"predecessor-version":[{"id":6246,"href":"https:\/\/www.olimpici.hu\/index.php?rest_route=\/wp\/v2\/posts\/6245\/revisions\/6246"}],"wp:attachment":[{"href":"https:\/\/www.olimpici.hu\/index.php?rest_route=%2Fwp%2Fv2%2Fmedia&parent=6245"}],"wp:term":[{"taxonomy":"category","embeddable":true,"href":"https:\/\/www.olimpici.hu\/index.php?rest_route=%2Fwp%2Fv2%2Fcategories&post=6245"},{"taxonomy":"post_tag","embeddable":true,"href":"https:\/\/www.olimpici.hu\/index.php?rest_route=%2Fwp%2Fv2%2Ftags&post=6245"}],"curies":[{"name":"wp","href":"https:\/\/api.w.org\/{rel}","templated":true}]}}