{"id":6293,"date":"2022-04-29T21:09:00","date_gmt":"2022-04-29T19:09:00","guid":{"rendered":"https:\/\/www.olimpici.hu\/?p=6293"},"modified":"2022-05-03T21:11:01","modified_gmt":"2022-05-03T19:11:01","slug":"sport-xxi-edzotabor-10","status":"publish","type":"post","link":"https:\/\/www.olimpici.hu\/?p=6293","title":{"rendered":"SPORT XXI. EDZ\u0150T\u00c1BOR"},"content":{"rendered":"\n<p>2022. m\u00e1jus 07-08-\u00e9n a&nbsp;<strong>GA Sportcsarnokban<\/strong>&nbsp;rendezz\u00fck az \u00e9vad els\u0151 p\u00e1rbajt\u0151r edz\u0151t\u00e1bor\u00e1t.&nbsp;<\/p>\n\n\n\n<p>Megh\u00edvottak az Olimpici versenyek alapj\u00e1n kialakult ranglista els\u0151 \u00f6t vid\u00e9ki versenyz\u0151je.<\/p>\n\n\n\n<p>Tal\u00e1lkoz\u00e1s: m\u00e1jus 07-\u00e9n&nbsp;<strong>szombaton<\/strong>&nbsp;9-\u00f3r\u00e1t\u00f3l a GA Sportcsarnokban<\/p>\n\n\n\n<p>Az edz\u00e9sek id\u0151pontja:<\/p>\n\n\n\n<p>Szombat:&nbsp;&nbsp;&nbsp;&nbsp;&nbsp;&nbsp;&nbsp;&nbsp;&nbsp;&nbsp;&nbsp;&nbsp;&nbsp;&nbsp;&nbsp;&nbsp;&nbsp;&nbsp;&nbsp;&nbsp;&nbsp;de&nbsp;&nbsp;10-12 \u00f3r\u00e1ig<\/p>\n\n\n\n<p>\u00a0\u00a0\u00a0\u00a0\u00a0\u00a0\u00a0\u00a0\u00a0\u00a0\u00a0\u00a0\u00a0\u00a0\u00a0\u00a0\u00a0\u00a0\u00a0\u00a0\u00a0\u00a0\u00a0\u00a0\u00a0\u00a0\u00a0\u00a0\u00a0\u00a0\u00a0\u00a0\u00a0\u00a0\u00a0\u00a0du\u00a0\u00a016-18 \u00f3r\u00e1ig\u00a0\u00a0\u00a0\u00a0\u00a0\u00a0\u00a0\u00a0\u00a0\u00a0\u00a0<\/p>\n\n\n\n<p>Vas\u00e1rnap:\u00a0\u00a0\u00a0\u00a0\u00a0\u00a0\u00a0\u00a0\u00a0\u00a0\u00a0\u00a0\u00a0\u00a0\u00a0\u00a0\u00a0\u00a0\u00a0 de\u00a0\u00a0\u00a0\u00a09-11 \u00f3r\u00e1ig<\/p>\n\n\n\n<p>\u00a0\u00a0\u00a0\u00a0\u00a0\u00a0\u00a0\u00a0\u00a0\u00a0\u00a0\u00a0\u00a0\u00a0\u00a0\u00a0\u00a0\u00a0\u00a0\u00a0\u00a0\u00a0\u00a0\u00a0\u00a0\u00a0\u00a0\u00a0\u00a0\u00a0\u00a0\u00a0\u00a0 \u00a0\u00a0du\u00a0\u00a014-16 \u00f3r\u00e1ig<\/p>\n\n\n\n<p>T\u00e1voz\u00e1s: vas\u00e1rnap 16.15-t\u0151l<\/p>\n\n\n\n<p>A megh\u00edvott versenyz\u0151k sz\u00e1ll\u00e1s\u00e1t \u00e9s \u00e9tkez\u00e9s\u00e9t az MVSZ biztos\u00edtja. Az edz\u0151t\u00e1bor ny\u00edlt, a megh\u00edvottakon k\u00edv\u00fcl az edz\u00e9sek szabadon l\u00e1togathat\u00f3ak, de regisztr\u00e1ci\u00f3hoz k\u00f6t\u00f6ttek.<\/p>\n\n\n\n<p>A r\u00e9szv\u00e9tel felt\u00e9tele a hi\u00e1nytalan versenyfelszerel\u00e9s, \u00e9s az edz\u00e9sek k\u00f6z\u00f6tt a v\u00e9d\u0151maszk haszn\u00e1lata k\u00f6telez\u0151.&nbsp;<\/p>\n\n\n\n<p>Jelentkez\u00e9s \u00e9s regisztr\u00e1ci\u00f3 2022. m\u00e1jus 02-ig a&nbsp;<a href=\"mailto:dieraf@t-online.hu\">dieraf@t-online.hu<\/a>&nbsp;&nbsp;e-mail c\u00edmen.&nbsp;<\/p>\n\n\n\n<p>Budapest, 2022. \u00e1prilis 26.&nbsp;&nbsp;&nbsp;&nbsp;&nbsp;&nbsp;&nbsp;&nbsp;&nbsp;&nbsp;&nbsp;&nbsp;&nbsp;&nbsp;&nbsp;&nbsp;&nbsp;&nbsp;&nbsp;&nbsp;&nbsp;&nbsp;&nbsp;&nbsp;&nbsp;&nbsp;&nbsp;&nbsp;&nbsp;&nbsp;&nbsp;&nbsp;&nbsp;&nbsp;&nbsp;&nbsp;&nbsp;&nbsp;&nbsp;&nbsp;<\/p>\n\n\n\n<p>Sportt\u00e1rsi \u00fcdv\u00f6zlettel:<\/p>\n\n\n\n<p>&nbsp;&nbsp;&nbsp;&nbsp;&nbsp;&nbsp;&nbsp;&nbsp;&nbsp;&nbsp;&nbsp;&nbsp;&nbsp;&nbsp;&nbsp;&nbsp;&nbsp;&nbsp;&nbsp;&nbsp;&nbsp;&nbsp;&nbsp;&nbsp;&nbsp;&nbsp;&nbsp;&nbsp;&nbsp;&nbsp;&nbsp;&nbsp;&nbsp;&nbsp;&nbsp;&nbsp;&nbsp;&nbsp;&nbsp;&nbsp;&nbsp;&nbsp;&nbsp;&nbsp;&nbsp;&nbsp;&nbsp;&nbsp;&nbsp;&nbsp;&nbsp;&nbsp;&nbsp;&nbsp;&nbsp;&nbsp;&nbsp;&nbsp;&nbsp;&nbsp;&nbsp;&nbsp;&nbsp;&nbsp;&nbsp;&nbsp;&nbsp;&nbsp;&nbsp;&nbsp;&nbsp;&nbsp;&nbsp;&nbsp;&nbsp;&nbsp;&nbsp;&nbsp;&nbsp;&nbsp;&nbsp;&nbsp;&nbsp;Diera Ferenc&nbsp;&nbsp;<strong><br><\/strong><strong><\/strong><\/p>\n\n\n\n<p><strong>2022.05.07-08. Sport XXI. edz\u0151t\u00e1bor megh\u00edvott r\u00e9sztvev\u0151i:<\/strong><strong><\/strong><\/p>\n\n\n\n<p><strong>Gyermek le\u00e1ny:<\/strong><\/p>\n\n\n\n<p>1. Varga Judit PEAC&nbsp;<\/p>\n\n\n\n<p>2. Szab\u00f3 Lilla Avengarde&nbsp;<\/p>\n\n\n\n<p>3. Somogyi Al\u00edz AVA<\/p>\n\n\n\n<p>4. Farag\u00f3 Tamara PEAC<\/p>\n\n\n\n<p>5. Juh\u00e1sz Hanna R\u00e9ka AVA<\/p>\n\n\n\n<p>T. T\u00f3th Eszter Avengarde&nbsp;<\/p>\n\n\n\n<p><strong>Gyermek fi\u00fa:<\/strong><\/p>\n\n\n\n<p>1. Petrovszki \u00c1ron AVA<\/p>\n\n\n\n<p>2. Nogula M\u00f3r Danubius<\/p>\n\n\n\n<p>3. Fekete-Fenyvesi Oliv\u00e9r SZVSE<\/p>\n\n\n\n<p>4. Kuznyecov Jaroszl\u00e1v Balaton<\/p>\n\n\n\n<p>5. Borb\u00e9ly M\u00e1t\u00e9 Balaton<\/p>\n\n\n\n<p>T.&nbsp;Botczheim \u00c1d\u00e1m Pilis<\/p>\n\n\n\n<p><strong>\u00dajonc le\u00e1ny:<\/strong><\/p>\n\n\n\n<p>1. Egri Fanni Lilla Avengarde<\/p>\n\n\n\n<p>2. Konczek Melodi Tapolca<\/p>\n\n\n\n<p>3. Lengyel Luca Szolnok<\/p>\n\n\n\n<p>4. Fodor Bianka PEAC<\/p>\n\n\n\n<p>5. Kriston Emma Veres<\/p>\n\n\n\n<p>T.&nbsp;Lippai Di\u00e1na PEAC<\/p>\n\n\n\n<p><strong>\u00dajonc fi\u00fa:<\/strong><\/p>\n\n\n\n<p>1. Bagoly Benedek PEAC<\/p>\n\n\n\n<p>2. De\u00e1k Andr\u00e1s Szent L\u00e1szl\u00f3&nbsp;<\/p>\n\n\n\n<p>3. Pataky Roland DVE<\/p>\n\n\n\n<p>4. Nagy-T\u00f3szegi Soma PEAC<\/p>\n\n\n\n<p>5. V\u00e9gh \u00c1goston Pilis<\/p>\n\n\n\n<p>T. Szentp\u00e1li D\u00e1niel PEAC<\/p>\n\n\n\n<p><strong>Serd\u00fcl\u0151 l\u00e1ny:<\/strong><\/p>\n\n\n\n<p>1. Varga Fl\u00f3ra\u00a0\u00a0SzVSzSe<\/p>\n\n\n\n<p>2.&nbsp;Kozma Laura DVE<\/p>\n\n\n\n<p>3. Cser\u00e9p Dorina Tapolca<\/p>\n\n\n\n<p>4. Moln\u00e1r Eszter Tata<\/p>\n\n\n\n<p>5. Barcsik Csenge Szolnok&nbsp;<\/p>\n\n\n\n<p>T. Lippai Di\u00e1na PEAC<\/p>\n\n\n\n<p><strong>Serd\u00fcl\u0151 fi\u00fa:<\/strong><\/p>\n\n\n\n<p>1. Makkos Bence Tapolca<\/p>\n\n\n\n<p>2. Kukla Bal\u00e1zs Danubius<\/p>\n\n\n\n<p>3. Feh\u00e9r Zsombor Veres<\/p>\n\n\n\n<p>4. Magyar Mih\u00e1ly DVE<\/p>\n\n\n\n<p>5. Kosztor Nemes Boldizs\u00e1r PEAC<\/p>\n\n\n\n<p>T. S\u00fcketes Mikl\u00f3s Tapolca<\/p>\n","protected":false},"excerpt":{"rendered":"<p>2022. m\u00e1jus 07-08-\u00e9n a&nbsp;GA Sportcsarnokban&nbsp;rendezz\u00fck az \u00e9vad els\u0151 p\u00e1rbajt\u0151r edz\u0151t\u00e1bor\u00e1t.&nbsp; Megh\u00edvottak az Olimpici versenyek alapj\u00e1n kialakult ranglista els\u0151 \u00f6t vid\u00e9ki versenyz\u0151je. Tal\u00e1lkoz\u00e1s: m\u00e1jus 07-\u00e9n&nbsp;szombaton&nbsp;9-\u00f3r\u00e1t\u00f3l a GA Sportcsarnokban Az edz\u00e9sek id\u0151pontja: Szombat:&nbsp;&nbsp;&nbsp;&nbsp;&nbsp;&nbsp;&nbsp;&nbsp;&nbsp;&nbsp;&nbsp;&nbsp;&nbsp;&nbsp;&nbsp;&nbsp;&nbsp;&nbsp;&nbsp;&nbsp;&nbsp;de&nbsp;&nbsp;10-12 \u00f3r\u00e1ig \u00a0\u00a0\u00a0\u00a0\u00a0\u00a0\u00a0\u00a0\u00a0\u00a0\u00a0\u00a0\u00a0\u00a0\u00a0\u00a0\u00a0\u00a0\u00a0\u00a0\u00a0\u00a0\u00a0\u00a0\u00a0\u00a0\u00a0\u00a0\u00a0\u00a0\u00a0\u00a0\u00a0\u00a0\u00a0\u00a0du\u00a0\u00a016-18 \u00f3r\u00e1ig\u00a0\u00a0\u00a0\u00a0\u00a0\u00a0\u00a0\u00a0\u00a0\u00a0\u00a0 Vas\u00e1rnap:\u00a0\u00a0\u00a0\u00a0\u00a0\u00a0\u00a0\u00a0\u00a0\u00a0\u00a0\u00a0\u00a0\u00a0\u00a0\u00a0\u00a0\u00a0\u00a0 de\u00a0\u00a0\u00a0\u00a09-11 \u00f3r\u00e1ig \u00a0\u00a0\u00a0\u00a0\u00a0\u00a0\u00a0\u00a0\u00a0\u00a0\u00a0\u00a0\u00a0\u00a0\u00a0\u00a0\u00a0\u00a0\u00a0\u00a0\u00a0\u00a0\u00a0\u00a0\u00a0\u00a0\u00a0\u00a0\u00a0\u00a0\u00a0\u00a0\u00a0 \u00a0\u00a0du\u00a0\u00a014-16 \u00f3r\u00e1ig T\u00e1voz\u00e1s: vas\u00e1rnap 16.15-t\u0151l A megh\u00edvott versenyz\u0151k sz\u00e1ll\u00e1s\u00e1t \u00e9s \u00e9tkez\u00e9s\u00e9t az MVSZ biztos\u00edtja. Az edz\u0151t\u00e1bor ny\u00edlt,&hellip;&nbsp;<a href=\"https:\/\/www.olimpici.hu\/?p=6293\" class=\"\" rel=\"bookmark\">Read More &raquo;<span class=\"screen-reader-text\">SPORT XXI. EDZ\u0150T\u00c1BOR<\/span><\/a><\/p>\n","protected":false},"author":5,"featured_media":0,"comment_status":"closed","ping_status":"closed","sticky":false,"template":"","format":"standard","meta":{"neve_meta_sidebar":"","neve_meta_container":"","neve_meta_enable_content_width":"","neve_meta_content_width":0,"neve_meta_title_alignment":"","neve_meta_author_avatar":"","neve_post_elements_order":"","neve_meta_disable_header":"","neve_meta_disable_footer":"","neve_meta_disable_title":"","footnotes":""},"categories":[32],"tags":[],"_links":{"self":[{"href":"https:\/\/www.olimpici.hu\/index.php?rest_route=\/wp\/v2\/posts\/6293"}],"collection":[{"href":"https:\/\/www.olimpici.hu\/index.php?rest_route=\/wp\/v2\/posts"}],"about":[{"href":"https:\/\/www.olimpici.hu\/index.php?rest_route=\/wp\/v2\/types\/post"}],"author":[{"embeddable":true,"href":"https:\/\/www.olimpici.hu\/index.php?rest_route=\/wp\/v2\/users\/5"}],"replies":[{"embeddable":true,"href":"https:\/\/www.olimpici.hu\/index.php?rest_route=%2Fwp%2Fv2%2Fcomments&post=6293"}],"version-history":[{"count":3,"href":"https:\/\/www.olimpici.hu\/index.php?rest_route=\/wp\/v2\/posts\/6293\/revisions"}],"predecessor-version":[{"id":6297,"href":"https:\/\/www.olimpici.hu\/index.php?rest_route=\/wp\/v2\/posts\/6293\/revisions\/6297"}],"wp:attachment":[{"href":"https:\/\/www.olimpici.hu\/index.php?rest_route=%2Fwp%2Fv2%2Fmedia&parent=6293"}],"wp:term":[{"taxonomy":"category","embeddable":true,"href":"https:\/\/www.olimpici.hu\/index.php?rest_route=%2Fwp%2Fv2%2Fcategories&post=6293"},{"taxonomy":"post_tag","embeddable":true,"href":"https:\/\/www.olimpici.hu\/index.php?rest_route=%2Fwp%2Fv2%2Ftags&post=6293"}],"curies":[{"name":"wp","href":"https:\/\/api.w.org\/{rel}","templated":true}]}}