{"id":6355,"date":"2022-09-27T16:51:53","date_gmt":"2022-09-27T14:51:53","guid":{"rendered":"https:\/\/www.olimpici.hu\/?p=6355"},"modified":"2022-09-27T16:51:53","modified_gmt":"2022-09-27T14:51:53","slug":"olimpici-alapitvany-tamogatasanak-kerese","status":"publish","type":"post","link":"https:\/\/www.olimpici.hu\/?p=6355","title":{"rendered":"Olimpici Alap\u00edtv\u00e1ny t\u00e1mogat\u00e1s\u00e1nak k\u00e9r\u00e9se"},"content":{"rendered":"\n<p>Tisztelt Sz\u00fcl\u0151k!<\/p>\n\n\n\n<p>Az Olimpici GP. 2022.09.30.-\u00e1n, Hajd\u00fahadh\u00e1zon kezdi meg a 17. \u00e9vadj\u00e1t.<\/p>\n\n\n\n<p>Az az \u00d6n\u00f6k sz\u00e1m\u00e1ra sem titok, hogy rendk\u00edv\u00fcl sikeres az elm\u00falt 16 \u00e9vadunk!<\/p>\n\n\n\n<p>Ezt legjobban az innen kiker\u00fcl\u0151, hazai \u00e9s nemzetk\u00f6zi versenyeken el\u00e9rt eredm\u00e9nyek igazolj\u00e1k.<\/p>\n\n\n\n<p>A tov\u00e1bbi magas szinvonal\u00fa m\u0171k\u00f6d\u00e9shez sz\u00fcks\u00e9ge&nbsp;van az Alap\u00edtv\u00e1nynak anyagi t\u00e1mogat\u00e1sra.<\/p>\n\n\n\n<p>Ez\u00e9rt tisztelettel k\u00e9rem, hogy amennyiben m\u00f3djuk van r\u00e1, t\u00e1mogass\u00e1k a p\u00e1rbajt\u0151r&nbsp;ut\u00e1np\u00f3tl\u00e1st, a tov\u00e1bbi sikerek rem\u00e9ny\u00e9ben.<\/p>\n\n\n\n<p>A t\u00e1mogat\u00f3k a mell\u00e9klet szerinti igazol\u00e1st kapj\u00e1k k\u00e9zhez.<\/p>\n\n\n\n<div data-wp-interactive=\"\" class=\"wp-block-file\"><object data-wp-bind--hidden=\"!selectors.core.file.hasPdfPreview\" hidden class=\"wp-block-file__embed\" data=\"https:\/\/www.olimpici.hu\/blog\/wp-content\/uploads\/2022\/09\/2022.09.27.Olimpici-Alapitvany-tamogatas-igazolas-.pdf\" type=\"application\/pdf\" style=\"width:100%;height:600px\" aria-label=\"2022.09.27.Olimpici-Alapitvany-tamogatas-igazolas- be\u00e1gyaz\u00e1sa be\u00e1gyaz\u00e1sa\"><\/object><a id=\"wp-block-file--media-22626c41-966c-4057-ad38-188dfb58c7ee\" href=\"https:\/\/www.olimpici.hu\/blog\/wp-content\/uploads\/2022\/09\/2022.09.27.Olimpici-Alapitvany-tamogatas-igazolas-.pdf\">2022.09.27.Olimpici-Alapitvany-tamogatas-igazolas-<\/a><a href=\"https:\/\/www.olimpici.hu\/blog\/wp-content\/uploads\/2022\/09\/2022.09.27.Olimpici-Alapitvany-tamogatas-igazolas-.pdf\" class=\"wp-block-file__button\" download aria-describedby=\"wp-block-file--media-22626c41-966c-4057-ad38-188dfb58c7ee\">Let\u00f6lt\u00e9s<\/a><\/div>\n","protected":false},"excerpt":{"rendered":"<p>Tisztelt Sz\u00fcl\u0151k! Az Olimpici GP. 2022.09.30.-\u00e1n, Hajd\u00fahadh\u00e1zon kezdi meg a 17. \u00e9vadj\u00e1t. Az az \u00d6n\u00f6k sz\u00e1m\u00e1ra sem titok, hogy rendk\u00edv\u00fcl sikeres az elm\u00falt 16 \u00e9vadunk! Ezt legjobban az innen kiker\u00fcl\u0151, hazai \u00e9s nemzetk\u00f6zi versenyeken el\u00e9rt eredm\u00e9nyek igazolj\u00e1k. A tov\u00e1bbi magas szinvonal\u00fa m\u0171k\u00f6d\u00e9shez sz\u00fcks\u00e9ge&nbsp;van az Alap\u00edtv\u00e1nynak anyagi t\u00e1mogat\u00e1sra. Ez\u00e9rt tisztelettel k\u00e9rem, hogy amennyiben m\u00f3djuk van r\u00e1,&hellip;&nbsp;<a href=\"https:\/\/www.olimpici.hu\/?p=6355\" class=\"\" rel=\"bookmark\">Read More &raquo;<span class=\"screen-reader-text\">Olimpici Alap\u00edtv\u00e1ny t\u00e1mogat\u00e1s\u00e1nak k\u00e9r\u00e9se<\/span><\/a><\/p>\n","protected":false},"author":5,"featured_media":0,"comment_status":"closed","ping_status":"closed","sticky":false,"template":"","format":"standard","meta":{"neve_meta_sidebar":"","neve_meta_container":"","neve_meta_enable_content_width":"","neve_meta_content_width":0,"neve_meta_title_alignment":"","neve_meta_author_avatar":"","neve_post_elements_order":"","neve_meta_disable_header":"","neve_meta_disable_footer":"","neve_meta_disable_title":"","footnotes":""},"categories":[32],"tags":[],"_links":{"self":[{"href":"https:\/\/www.olimpici.hu\/index.php?rest_route=\/wp\/v2\/posts\/6355"}],"collection":[{"href":"https:\/\/www.olimpici.hu\/index.php?rest_route=\/wp\/v2\/posts"}],"about":[{"href":"https:\/\/www.olimpici.hu\/index.php?rest_route=\/wp\/v2\/types\/post"}],"author":[{"embeddable":true,"href":"https:\/\/www.olimpici.hu\/index.php?rest_route=\/wp\/v2\/users\/5"}],"replies":[{"embeddable":true,"href":"https:\/\/www.olimpici.hu\/index.php?rest_route=%2Fwp%2Fv2%2Fcomments&post=6355"}],"version-history":[{"count":1,"href":"https:\/\/www.olimpici.hu\/index.php?rest_route=\/wp\/v2\/posts\/6355\/revisions"}],"predecessor-version":[{"id":6357,"href":"https:\/\/www.olimpici.hu\/index.php?rest_route=\/wp\/v2\/posts\/6355\/revisions\/6357"}],"wp:attachment":[{"href":"https:\/\/www.olimpici.hu\/index.php?rest_route=%2Fwp%2Fv2%2Fmedia&parent=6355"}],"wp:term":[{"taxonomy":"category","embeddable":true,"href":"https:\/\/www.olimpici.hu\/index.php?rest_route=%2Fwp%2Fv2%2Fcategories&post=6355"},{"taxonomy":"post_tag","embeddable":true,"href":"https:\/\/www.olimpici.hu\/index.php?rest_route=%2Fwp%2Fv2%2Ftags&post=6355"}],"curies":[{"name":"wp","href":"https:\/\/api.w.org\/{rel}","templated":true}]}}