{"id":6571,"date":"2024-01-26T21:11:00","date_gmt":"2024-01-26T19:11:00","guid":{"rendered":"https:\/\/www.olimpici.hu\/?p=6571"},"modified":"2024-02-02T09:03:02","modified_gmt":"2024-02-02T07:03:02","slug":"kozgyulesi-meghivo","status":"publish","type":"post","link":"https:\/\/www.olimpici.hu\/?p=6571","title":{"rendered":"K\u00f6zgy\u0171l\u00e9si megh\u00edv\u00f3"},"content":{"rendered":"\n<p class=\"has-text-align-center\">Megh\u00edv\u00f3 az \u00e9ves rendk\u00edv\u00fcli k\u00f6zgy\u0171l\u00e9sre, melynek helysz\u00edne: 1139 Budapest, F\u00e1y u. 58. VASAS K\u00e9zilabdacsarnok<br>A k\u00f6zgy\u0171l\u00e9s id\u0151pontja: 2024,02.10.-\u00e9n 10.00 \u00f3ra. Hat\u00e1rozatlank\u00e9ptelens\u00e9g eset\u00e9n a megism\u00e9telt k\u00f6zgy\u0171l\u00e9si id\u0151pont: 2024,02.10.-\u00e9n 10:30 \u00f3ra.<\/p>\n\n\n\n<p>A megh\u00edvottak:<\/p>\n\n\n\n<ul><li>az Alap\u00edtv\u00e1ny kur\u00e1torai<\/li><li>az Alap\u00edtv\u00e1ny ellen\u0151rz\u0151 bizotts\u00e1g\u00e1nak eln\u00f6ke \u00e9s tagjai<\/li><li>az Olimpici Gp. rendez\u0151 egyes\u00fcleteinek vezet\u0151i<\/li><\/ul>\n\n\n\n<p>Napirendi pontok:<\/p>\n\n\n\n<ol><li>A kurat\u00f3riumi \u00fcl\u00e9s tiszts\u00e9gvisel\u0151inek megv\u00e1laszt\u00e1sa<\/li><li>Kurat\u00f3riumi tagok megv\u00e1laszt\u00e1sa<\/li><li>Alap\u00edtv\u00e1ny sz\u00e9khely\u00e9nek m\u00f3dos\u00edt\u00e1sa<\/li><li>Az alap\u00edtv\u00e1ny c\u00e9lj\u00e1nak kieg\u00e9sz\u00edt\u00e9se<\/li><li>Alapit\u00f3 okirat m\u00f3dos\u00edt\u00e1sa<\/li><li>Egyebek<\/li><\/ol>\n\n\n\n<p>Megjelen\u00e9s\u00fckre \u00e9s akt\u00edv r\u00e9szv\u00e9tel\u00fckre sz\u00e1m\u00edtva, maradok<\/p>\n\n\n\n<p>Tisztelettel: <br>Luk\u00e1ts Istv\u00e1n<br>Kurat\u00f3rium eln\u00f6ke<\/p>\n\n\n\n<p>Fony\u00f3d, 2024.01.26.<\/p>\n\n\n\n<p><\/p>\n","protected":false},"excerpt":{"rendered":"<p>Megh\u00edv\u00f3 az \u00e9ves rendk\u00edv\u00fcli k\u00f6zgy\u0171l\u00e9sre, melynek helysz\u00edne: 1139 Budapest, F\u00e1y u. 58. VASAS K\u00e9zilabdacsarnokA k\u00f6zgy\u0171l\u00e9s id\u0151pontja: 2024,02.10.-\u00e9n 10.00 \u00f3ra. Hat\u00e1rozatlank\u00e9ptelens\u00e9g eset\u00e9n a megism\u00e9telt k\u00f6zgy\u0171l\u00e9si id\u0151pont: 2024,02.10.-\u00e9n 10:30 \u00f3ra. A megh\u00edvottak: az Alap\u00edtv\u00e1ny kur\u00e1torai az Alap\u00edtv\u00e1ny ellen\u0151rz\u0151 bizotts\u00e1g\u00e1nak eln\u00f6ke \u00e9s tagjai az Olimpici Gp. rendez\u0151 egyes\u00fcleteinek vezet\u0151i Napirendi pontok: A kurat\u00f3riumi \u00fcl\u00e9s tiszts\u00e9gvisel\u0151inek megv\u00e1laszt\u00e1sa Kurat\u00f3riumi tagok&hellip;&nbsp;<a href=\"https:\/\/www.olimpici.hu\/?p=6571\" class=\"\" rel=\"bookmark\">Read More &raquo;<span class=\"screen-reader-text\">K\u00f6zgy\u0171l\u00e9si megh\u00edv\u00f3<\/span><\/a><\/p>\n","protected":false},"author":5,"featured_media":0,"comment_status":"closed","ping_status":"closed","sticky":true,"template":"","format":"standard","meta":{"neve_meta_sidebar":"","neve_meta_container":"","neve_meta_enable_content_width":"","neve_meta_content_width":0,"neve_meta_title_alignment":"","neve_meta_author_avatar":"","neve_post_elements_order":"","neve_meta_disable_header":"","neve_meta_disable_footer":"","neve_meta_disable_title":"","footnotes":""},"categories":[1],"tags":[],"_links":{"self":[{"href":"https:\/\/www.olimpici.hu\/index.php?rest_route=\/wp\/v2\/posts\/6571"}],"collection":[{"href":"https:\/\/www.olimpici.hu\/index.php?rest_route=\/wp\/v2\/posts"}],"about":[{"href":"https:\/\/www.olimpici.hu\/index.php?rest_route=\/wp\/v2\/types\/post"}],"author":[{"embeddable":true,"href":"https:\/\/www.olimpici.hu\/index.php?rest_route=\/wp\/v2\/users\/5"}],"replies":[{"embeddable":true,"href":"https:\/\/www.olimpici.hu\/index.php?rest_route=%2Fwp%2Fv2%2Fcomments&post=6571"}],"version-history":[{"count":4,"href":"https:\/\/www.olimpici.hu\/index.php?rest_route=\/wp\/v2\/posts\/6571\/revisions"}],"predecessor-version":[{"id":6644,"href":"https:\/\/www.olimpici.hu\/index.php?rest_route=\/wp\/v2\/posts\/6571\/revisions\/6644"}],"wp:attachment":[{"href":"https:\/\/www.olimpici.hu\/index.php?rest_route=%2Fwp%2Fv2%2Fmedia&parent=6571"}],"wp:term":[{"taxonomy":"category","embeddable":true,"href":"https:\/\/www.olimpici.hu\/index.php?rest_route=%2Fwp%2Fv2%2Fcategories&post=6571"},{"taxonomy":"post_tag","embeddable":true,"href":"https:\/\/www.olimpici.hu\/index.php?rest_route=%2Fwp%2Fv2%2Ftags&post=6571"}],"curies":[{"name":"wp","href":"https:\/\/api.w.org\/{rel}","templated":true}]}}