{"id":6574,"date":"2023-06-14T08:58:56","date_gmt":"2023-06-14T06:58:56","guid":{"rendered":"https:\/\/www.olimpici.hu\/?p=6574"},"modified":"2023-10-07T09:24:14","modified_gmt":"2023-10-07T07:24:14","slug":"2022-2023-magyar-bajnoksag","status":"publish","type":"post","link":"https:\/\/www.olimpici.hu\/?p=6574","title":{"rendered":"2022\/2023 Magyar Bajnoks\u00e1g"},"content":{"rendered":"\n<p class=\"has-text-align-center\"><strong>J\u00fanius 17-\u00e9n szombaton megkezd\u0151dik a P\u00e1rbajt\u0151r Magyar Bajnoks\u00e1g<\/strong><\/p>\n\n\n\n<div class=\"wp-block-group is-layout-flow wp-block-group-is-layout-flow\"><div class=\"wp-block-group__inner-container\">\n<div class=\"wp-block-columns is-layout-flex wp-container-core-columns-layout-1 wp-block-columns-is-layout-flex\">\n<div class=\"wp-block-column is-layout-flow wp-block-column-is-layout-flow\" style=\"flex-basis:100%\"><div class=\"wp-block-image\">\n<figure class=\"aligncenter size-full is-resized\"><a href=\"https:\/\/www.olimpici.hu\/blog\/wp-content\/uploads\/2023\/06\/2023.06.13.Olimpici-Gp-kupak-kicsi.png\"><img loading=\"lazy\" decoding=\"async\" src=\"https:\/\/www.olimpici.hu\/blog\/wp-content\/uploads\/2023\/06\/2023.06.13.Olimpici-Gp-kupak-kicsi.png\" alt=\"\" class=\"wp-image-6575\" width=\"469\" height=\"351\" srcset=\"https:\/\/www.olimpici.hu\/blog\/wp-content\/uploads\/2023\/06\/2023.06.13.Olimpici-Gp-kupak-kicsi.png 1000w, https:\/\/www.olimpici.hu\/blog\/wp-content\/uploads\/2023\/06\/2023.06.13.Olimpici-Gp-kupak-kicsi-300x224.png 300w, https:\/\/www.olimpici.hu\/blog\/wp-content\/uploads\/2023\/06\/2023.06.13.Olimpici-Gp-kupak-kicsi-768x574.png 768w\" sizes=\"(max-width: 469px) 100vw, 469px\" \/><\/a><figcaption><strong><mark style=\"background-color:rgba(0, 0, 0, 0)\" class=\"has-inline-color has-nv-dark-bg-color\">Meg\u00e9rkeztek az OLIMPICI GP sorozat serlegei<\/mark><\/strong><\/figcaption><\/figure><\/div><\/div>\n<\/div>\n<\/div><\/div>\n\n\n\n<figure class=\"wp-block-pullquote\"><blockquote><p><strong>Eredm\u00e9nyek folyamatosan<a href=\"https:\/\/engarde-service.com\/tournament\/hunfencing\/2023_06_17-22_ogpob\"> el\u00e9rhet\u0151ek itt <\/a><\/strong><\/p><\/blockquote><\/figure>\n\n\n\n<figure class=\"wp-block-pullquote\"><blockquote><p><strong>\u00c9l\u0151 k\u00f6zvet\u00edt\u00e9s<\/strong><\/p><p>Szombat <a href=\"https:\/\/youtube.com\/live\/6NGxCjaXpBA?feature=share\">Kamera 1<\/a> ; <a href=\"https:\/\/youtube.com\/live\/Q4YphePtyPM?feature=share\">Kamera 2<\/a> ; <a href=\"https:\/\/youtube.com\/live\/4Bje53UPFZ8?feature=share\">P\u00f3dium<\/a><br>Vas\u00e1rnap <a href=\"https:\/\/youtube.com\/live\/pMOJj_VTQSA?feature=share\">Kamera 1<\/a> ; <a href=\"https:\/\/youtube.com\/live\/Eo2MzlqcG8s?feature=share\">Kamera 2<\/a> ; <a href=\"https:\/\/youtube.com\/live\/djd7_JluvVw?feature=share\">P\u00f3dium<\/a><br>H\u00e9tf\u0151 <a href=\"https:\/\/youtube.com\/live\/Knbbp8TrDe4?feature=share\">Kamera 1<\/a> ; <a href=\"https:\/\/youtube.com\/live\/8pw5jrUOmt0?feature=share\">Kamera 2<\/a> ; <a href=\"https:\/\/youtube.com\/live\/HBDPdOpxBDc?feature=share\">P\u00f3dium<\/a><br>Kedd <a href=\"https:\/\/youtube.com\/live\/U0C4AGXg40A?feature=share\">Kamera 1<\/a> ; <a href=\"https:\/\/youtube.com\/live\/2f-_N9Bs-ao?feature=share\">Kamera 2<\/a> ; <a href=\"https:\/\/youtube.com\/live\/raBUkr5ihws?feature=share\">P\u00f3dium<\/a><br>Szerda <a href=\"https:\/\/youtube.com\/live\/FnYxuZEfieg?feature=share\">Kamera 1<\/a> ; <a href=\"https:\/\/youtube.com\/live\/fTb-I-gQ0CA?feature=share\">Kamera 2<\/a> ; <a href=\"https:\/\/youtube.com\/live\/G4-KD5Ne1GM?feature=share\">P\u00f3dium<\/a><br>Cs\u00fct\u00f6rt\u00f6k <a href=\"https:\/\/youtube.com\/live\/1JZ3s2uVqns?feature=share\">Kamera 1<\/a> ; <a href=\"https:\/\/youtube.com\/live\/iiir2C3j2yc?feature=share\">Kamera 2<\/a> ; <a href=\"https:\/\/youtube.com\/live\/BXyVFMPHPdM?feature=share\">P\u00f3dium<\/a><br><\/p><\/blockquote><\/figure>\n","protected":false},"excerpt":{"rendered":"<p>J\u00fanius 17-\u00e9n szombaton megkezd\u0151dik a P\u00e1rbajt\u0151r Magyar Bajnoks\u00e1g Eredm\u00e9nyek folyamatosan el\u00e9rhet\u0151ek itt \u00c9l\u0151 k\u00f6zvet\u00edt\u00e9s Szombat Kamera 1 ; Kamera 2 ; P\u00f3diumVas\u00e1rnap Kamera 1 ; Kamera 2 ; P\u00f3diumH\u00e9tf\u0151 Kamera 1 ; Kamera 2 ; P\u00f3diumKedd Kamera 1 ; Kamera 2 ; P\u00f3diumSzerda Kamera 1 ; Kamera 2 ; P\u00f3diumCs\u00fct\u00f6rt\u00f6k Kamera 1 ; Kamera 2&hellip;&nbsp;<a href=\"https:\/\/www.olimpici.hu\/?p=6574\" class=\"\" rel=\"bookmark\">Read More &raquo;<span class=\"screen-reader-text\">2022\/2023 Magyar Bajnoks\u00e1g<\/span><\/a><\/p>\n","protected":false},"author":5,"featured_media":0,"comment_status":"closed","ping_status":"closed","sticky":false,"template":"","format":"standard","meta":{"neve_meta_sidebar":"","neve_meta_container":"","neve_meta_enable_content_width":"","neve_meta_content_width":0,"neve_meta_title_alignment":"","neve_meta_author_avatar":"","neve_post_elements_order":"","neve_meta_disable_header":"","neve_meta_disable_footer":"","neve_meta_disable_title":"","footnotes":""},"categories":[1],"tags":[],"_links":{"self":[{"href":"https:\/\/www.olimpici.hu\/index.php?rest_route=\/wp\/v2\/posts\/6574"}],"collection":[{"href":"https:\/\/www.olimpici.hu\/index.php?rest_route=\/wp\/v2\/posts"}],"about":[{"href":"https:\/\/www.olimpici.hu\/index.php?rest_route=\/wp\/v2\/types\/post"}],"author":[{"embeddable":true,"href":"https:\/\/www.olimpici.hu\/index.php?rest_route=\/wp\/v2\/users\/5"}],"replies":[{"embeddable":true,"href":"https:\/\/www.olimpici.hu\/index.php?rest_route=%2Fwp%2Fv2%2Fcomments&post=6574"}],"version-history":[{"count":8,"href":"https:\/\/www.olimpici.hu\/index.php?rest_route=\/wp\/v2\/posts\/6574\/revisions"}],"predecessor-version":[{"id":6587,"href":"https:\/\/www.olimpici.hu\/index.php?rest_route=\/wp\/v2\/posts\/6574\/revisions\/6587"}],"wp:attachment":[{"href":"https:\/\/www.olimpici.hu\/index.php?rest_route=%2Fwp%2Fv2%2Fmedia&parent=6574"}],"wp:term":[{"taxonomy":"category","embeddable":true,"href":"https:\/\/www.olimpici.hu\/index.php?rest_route=%2Fwp%2Fv2%2Fcategories&post=6574"},{"taxonomy":"post_tag","embeddable":true,"href":"https:\/\/www.olimpici.hu\/index.php?rest_route=%2Fwp%2Fv2%2Ftags&post=6574"}],"curies":[{"name":"wp","href":"https:\/\/api.w.org\/{rel}","templated":true}]}}