{"id":6725,"date":"2024-07-05T09:03:25","date_gmt":"2024-07-05T07:03:25","guid":{"rendered":"https:\/\/www.olimpici.hu\/?p=6725"},"modified":"2024-07-05T09:04:11","modified_gmt":"2024-07-05T07:04:11","slug":"sport-xxi-edzotabor-augusztus-5-10","status":"publish","type":"post","link":"https:\/\/www.olimpici.hu\/?p=6725","title":{"rendered":"SPORT XXI. Edz\u0151t\u00e1bor augusztus 5 &#8211; 10."},"content":{"rendered":"\n<p>A 2024-2025-\u00f6s v\u00edv\u00f3id\u00e9ny kezdet\u00e9t jelz\u0151 edz\u0151t\u00e1bor 2024.08.05-10-ig ker\u00fcl megrendez\u00e9sre a Tatai Sportk\u00f6zpontban.<br>A r\u00e9sztvev\u0151k a gyermek \u00e9s \u00fajonc koroszt\u00e1lyb\u00f3l ker\u00fcltek ki, a ranglista illetve az edz\u0151kkel t\u00f6rt\u00e9nt egyeztet\u00e9sek alapj\u00e1n.<br>Az edz\u0151t\u00e1bor k\u00f6lts\u00e9geit az MVSZ viseli.<br>A megh\u00edvottaknak \u00fasz\u00f3, fut\u00f3 \u00e9s v\u00edv\u00f3 felszerel\u00e9st kell hozniuk.<br>A tal\u00e1lkoz\u00e1s az edz\u0151t\u00e1bor recepci\u00f3j\u00e1n\u00e1l 2024. augusztus 5-\u00e9n, legk\u00e9s\u0151bb 10 \u00f3r\u00e1ig lesz.<br>T\u00e1voz\u00e1s augusztus 10-\u00e9n eb\u00e9d ut\u00e1n, 14 \u00f3r\u00e1t\u00f3l.<br>Minden r\u00e9szvev\u0151nek regisztr\u00e1lnia kell 2024.07.31-ig a dieraf@t-online.hu e-mail c\u00edmen.<\/p>\n\n\n\n<p>Budapest, 2024. j\u00falius 04.<\/p>\n\n\n\n<p>Sportt\u00e1rsi \u00fcdv\u00f6zlettel:<br>Diera Ferenc t\u00e1borvezet\u0151<\/p>\n\n\n\n<p class=\"has-text-align-center\"><strong>A r\u00e9sztvev\u0151k n\u00e9vsora<\/strong><\/p>\n\n\n\n<figure class=\"wp-block-table\"><table><tbody><tr><td><strong>Gyerek fi\u00fa<\/strong><\/td><td><\/td><td><strong>Gyerek l\u00e1ny<\/strong><\/td><td><\/td><\/tr><tr><td>Wentzel Edmond<\/td><td>BHSE<\/td><td>Pluh\u00e1r Lizett<\/td><td>BHSE<\/td><\/tr><tr><td>J\u00e9csi D\u00e1niel<\/td><td>BHSE<\/td><td>P\u00e9csi Bogl\u00e1rka<\/td><td>BHSE<\/td><\/tr><tr><td>Horv\u00e1th \u00c1d\u00e1m<\/td><td>MTK<\/td><td>Somfai Eper<\/td><td>BHSE<\/td><\/tr><tr><td>Mirko Barna<\/td><td>BHSE<\/td><td>Somody Zorka<\/td><td>MTK<\/td><\/tr><tr><td>S\u00e1ntha Geregely<\/td><td>KONDOROS<\/td><td>Moln\u00e1r Laura<\/td><td>BHSE<\/td><\/tr><tr><td>Zoboki N\u00e1ndor<\/td><td>BHSE<\/td><td>De\u00e1k Julia<\/td><td>MTK<\/td><\/tr><tr><td>Marci Balab\u00e1n Benedek<\/td><td>PTE PEAC<\/td><td>Szakvari Csenge<\/td><td>MTK<\/td><\/tr><tr><td>Nyiri Weibo<\/td><td>LUDOVIKA<\/td><td>Kalm\u00e1r Kinga<\/td><td>BHSE<\/td><\/tr><\/tbody><\/table><\/figure>\n\n\n\n<figure class=\"wp-block-table\"><table><tbody><tr><td><strong>Ujonc fi\u00fa<\/strong><\/td><td><\/td><td><strong>Ujonc l\u00e1ny<\/strong><\/td><td><\/td><\/tr><tr><td>Borka Hunor<\/td><td>KONDOROS<\/td><td>Korom Vell\u00e1s Helka<\/td><td>VERES<\/td><\/tr><tr><td>Botzheim \u00c1d\u00e1m<\/td><td>BHSE<\/td><td>Mez\u0151 Eliza<\/td><td>DEBRECE<\/td><\/tr><tr><td>Borb\u00e9ly Levente<\/td><td>BHSE<\/td><td>Harmathy Lotti<\/td><td>MTK<\/td><\/tr><tr><td>Dob\u00e1nn Zsombor<\/td><td>MTK<\/td><td>Karner Biborka<\/td><td>BHSE<\/td><\/tr><tr><td>Bacso D\u00e1niel<\/td><td>MTK<\/td><td>S\u00fcveg Erzs\u00e9bet<\/td><td>LUDOVIKA<\/td><\/tr><tr><td>Varro F Levente<\/td><td>BHSE<\/td><td>L\u00e9gr\u00e1di Dora<\/td><td>BHSE<\/td><\/tr><tr><td>Pint\u00e9r Dominik<\/td><td>KONDOROS<\/td><td>Balla Kinga<\/td><td>BHSE<\/td><\/tr><\/tbody><\/table><\/figure>\n","protected":false},"excerpt":{"rendered":"<p>A 2024-2025-\u00f6s v\u00edv\u00f3id\u00e9ny kezdet\u00e9t jelz\u0151 edz\u0151t\u00e1bor 2024.08.05-10-ig ker\u00fcl megrendez\u00e9sre a Tatai Sportk\u00f6zpontban.A r\u00e9sztvev\u0151k a gyermek \u00e9s \u00fajonc koroszt\u00e1lyb\u00f3l ker\u00fcltek ki, a ranglista illetve az edz\u0151kkel t\u00f6rt\u00e9nt egyeztet\u00e9sek alapj\u00e1n.Az edz\u0151t\u00e1bor k\u00f6lts\u00e9geit az MVSZ viseli.A megh\u00edvottaknak \u00fasz\u00f3, fut\u00f3 \u00e9s v\u00edv\u00f3 felszerel\u00e9st kell hozniuk.A tal\u00e1lkoz\u00e1s az edz\u0151t\u00e1bor recepci\u00f3j\u00e1n\u00e1l 2024. augusztus 5-\u00e9n, legk\u00e9s\u0151bb 10 \u00f3r\u00e1ig lesz.T\u00e1voz\u00e1s augusztus 10-\u00e9n eb\u00e9d&hellip;&nbsp;<a href=\"https:\/\/www.olimpici.hu\/?p=6725\" class=\"\" rel=\"bookmark\">Read More &raquo;<span class=\"screen-reader-text\">SPORT XXI. Edz\u0151t\u00e1bor augusztus 5 &#8211; 10.<\/span><\/a><\/p>\n","protected":false},"author":5,"featured_media":0,"comment_status":"closed","ping_status":"closed","sticky":true,"template":"","format":"standard","meta":{"neve_meta_sidebar":"","neve_meta_container":"","neve_meta_enable_content_width":"","neve_meta_content_width":0,"neve_meta_title_alignment":"","neve_meta_author_avatar":"","neve_post_elements_order":"","neve_meta_disable_header":"","neve_meta_disable_footer":"","neve_meta_disable_title":"","footnotes":""},"categories":[1],"tags":[],"_links":{"self":[{"href":"https:\/\/www.olimpici.hu\/index.php?rest_route=\/wp\/v2\/posts\/6725"}],"collection":[{"href":"https:\/\/www.olimpici.hu\/index.php?rest_route=\/wp\/v2\/posts"}],"about":[{"href":"https:\/\/www.olimpici.hu\/index.php?rest_route=\/wp\/v2\/types\/post"}],"author":[{"embeddable":true,"href":"https:\/\/www.olimpici.hu\/index.php?rest_route=\/wp\/v2\/users\/5"}],"replies":[{"embeddable":true,"href":"https:\/\/www.olimpici.hu\/index.php?rest_route=%2Fwp%2Fv2%2Fcomments&post=6725"}],"version-history":[{"count":2,"href":"https:\/\/www.olimpici.hu\/index.php?rest_route=\/wp\/v2\/posts\/6725\/revisions"}],"predecessor-version":[{"id":6727,"href":"https:\/\/www.olimpici.hu\/index.php?rest_route=\/wp\/v2\/posts\/6725\/revisions\/6727"}],"wp:attachment":[{"href":"https:\/\/www.olimpici.hu\/index.php?rest_route=%2Fwp%2Fv2%2Fmedia&parent=6725"}],"wp:term":[{"taxonomy":"category","embeddable":true,"href":"https:\/\/www.olimpici.hu\/index.php?rest_route=%2Fwp%2Fv2%2Fcategories&post=6725"},{"taxonomy":"post_tag","embeddable":true,"href":"https:\/\/www.olimpici.hu\/index.php?rest_route=%2Fwp%2Fv2%2Ftags&post=6725"}],"curies":[{"name":"wp","href":"https:\/\/api.w.org\/{rel}","templated":true}]}}